{"id":10240,"date":"2026-02-04T17:11:42","date_gmt":"2026-02-04T17:11:42","guid":{"rendered":"https:\/\/www.giovannagolia.it\/?p=10240"},"modified":"2026-02-04T17:11:42","modified_gmt":"2026-02-04T17:11:42","slug":"dovere-potere-volere-controllare-o-lasciare-andare","status":"publish","type":"post","link":"https:\/\/www.giovannagolia.it\/en\/2026\/02\/04\/dovere-potere-volere-controllare-o-lasciare-andare\/","title":{"rendered":"Dovere-potere-volere. Controllare o lasciare andare?"},"content":{"rendered":"<h3 class=\"wp-block-heading\" id=\"ember274\">Dire di no a lavoro non \u00e8 (solo) una questione di coraggio, spesso \u00e8 una questione di linguaggio interiore.<\/h3>\n\n\n\n<p class=\"wp-block-paragraph\" id=\"ember275\">Durante una sessione di coaching con un cliente che faticava a dire \u201cno\u201d, siamo arrivati a una riflessione apparentemente semplice, ma molto potente: il modo in cui utilizziamo tre verbi \u2013 <strong>dovere, potere, volere<\/strong> \u2013 orienta le nostre decisioni, il nostro senso di controllo e il nostro livello di sovraccarico.<\/p>\n\n\n\n<p class=\"wp-block-paragraph\" id=\"ember276\">In grammatica sono verbi <em>servili<\/em>: non agiscono da soli, ma <strong>servono un\u2019azione<\/strong>. La domanda allora diventa: a cosa mi stanno servendo, oggi, nel mio lavoro? Come e quando li utilizzo? E soprattutto: chi stanno servendo davvero?<\/p>\n\n\n\n<p class=\"wp-block-paragraph\"><\/p>\n\n\n\n<h3 class=\"wp-block-heading\" id=\"ember277\">DOVERE: quando il controllo nasce dall\u2019obbligo<\/h3>\n\n\n\n<p class=\"wp-block-paragraph\" id=\"ember278\">Il dovere richiama responsabilit\u00e0, aspettative di ruolo, impegni non negoziabili. \u00c8 ci\u00f2 che facciamo anche controvoglia, perch\u00e9 va fatto.<\/p>\n\n\n\n<p class=\"wp-block-paragraph\" id=\"ember279\">Nei contesti lavorativi, il <strong>dovere sposta il controllo sul processo e sull\u2019output<\/strong>: verifico, ricontrollo, mi assicuro che tutto sia conforme. Il senso del dovere \u00e8 utile necessario, ma se diventa dominante, il rischio \u00e8 lavorare sempre in modalit\u00e0 reattiva, senza margine di scelta.<\/p>\n\n\n\n<p class=\"wp-block-paragraph\"><\/p>\n\n\n\n<h3 class=\"wp-block-heading\" id=\"ember280\">POTERE: quando il controllo passa dall\u2019autonomia<\/h3>\n\n\n\n<p class=\"wp-block-paragraph\" id=\"ember281\">Il potere introduce possibilit\u00e0, opzioni, discrezionalit\u00e0. \u00c8 lo spazio del posso scegliere, posso decidere come, posso cambiare strada.<\/p>\n\n\n\n<p class=\"wp-block-paragraph\" id=\"ember282\">Qui il controllo \u00e8 variabile: pu\u00f2 essere ampio o molto stretto, a seconda dell\u2019autonomia concessa o percepita. Nei team, il potere mal definito genera spesso ambiguit\u00e0: <strong>chi decide cosa? fino a dove?<\/strong> Chiarirlo riduce attriti e sovraccarico inutile.<\/p>\n\n\n\n<p class=\"wp-block-paragraph\"><\/p>\n\n\n\n<h3 class=\"wp-block-heading\" id=\"ember283\">VOLERE: quando la motivazione ridisegna il controllo<\/h3>\n\n\n\n<p class=\"wp-block-paragraph\" id=\"ember284\">Il volere parla di intenzione, convinzione, motivazione. Mette la persona al centro dell\u2019azione, anche quando ci\u00f2 che desidera non \u00e8 (ancora) condiviso o legittimato.<\/p>\n\n\n\n<p class=\"wp-block-paragraph\" id=\"ember285\">Quando <em>voglio<\/em> fare qualcosa, il controllo cambia funzione: non serve a vigilare, ma a <strong>verificare coerenza tra ci\u00f2 che mi aspetto e ci\u00f2 che ottengo<\/strong>. \u00c8 un controllo pi\u00f9 leggero, spesso pi\u00f9 sostenibile.<\/p>\n\n\n\n<p class=\"wp-block-paragraph\" id=\"ember286\"><strong>Il problema nasce quando il DOVERE schiaccia tutto il resto.<\/strong><\/p>\n\n\n\n<p class=\"wp-block-paragraph\" id=\"ember287\">La situazione si complica quando:<\/p>\n\n\n\n<ul class=\"wp-block-list\">\n<li>le cose che <strong>devo<\/strong> fare superano di gran lunga quelle che <strong>posso<\/strong> fare<\/li>\n\n\n\n<li>e ancor pi\u00f9 quelle che <strong>voglio<\/strong> fare<\/li>\n<\/ul>\n\n\n\n<p class=\"wp-block-paragraph\" id=\"ember289\">In questi casi il controllo si irrigidisce, tutto resta dentro il radar e diventa difficile:<\/p>\n\n\n\n<ul class=\"wp-block-list\">\n<li>delegare<\/li>\n\n\n\n<li>negoziare<\/li>\n\n\n\n<li>dissentire<\/li>\n\n\n\n<li>esprimersi in modo assertivo<\/li>\n<\/ul>\n\n\n\n<p class=\"wp-block-paragraph\" id=\"ember291\">Il risultato? Sovraccarico, frustrazione e la sensazione di non avere alternative.<\/p>\n\n\n\n<p class=\"wp-block-paragraph\"><\/p>\n\n\n\n<h3 class=\"wp-block-heading\" id=\"ember292\">Una pratica semplice (e potente) da portare nel lavoro quotidiano<\/h3>\n\n\n\n<p class=\"wp-block-paragraph\" id=\"ember293\">Per uscire da questo loop, pu\u00f2 essere utile fermarsi e porsi alcune domande molto concrete:<\/p>\n\n\n\n<ul class=\"wp-block-list\">\n<li><strong>Cosa devo fare ma non voglio fare?<\/strong><\/li>\n\n\n\n<li><strong>Cosa non devo fare ma posso fare?<\/strong><\/li>\n\n\n\n<li><strong>Cosa posso fare ma non voglio fare?<\/strong><\/li>\n\n\n\n<li><strong>Cosa non posso fare ma sto trattando come se dovessi farlo?<\/strong><\/li>\n\n\n\n<li><strong>Cosa voglio e posso fare davvero?<\/strong><\/li>\n\n\n\n<li><strong>Cosa non voglio e non devo pi\u00f9 fare?<\/strong><\/li>\n<\/ul>\n\n\n\n<p class=\"wp-block-paragraph\"><\/p>\n\n\n\n<p class=\"wp-block-paragraph\" id=\"ember295\">Non \u00e8 un esercizio teorico. \u00c8 uno strumento pratico per <strong>ridefinire confini, priorit\u00e0 e margini di scelta<\/strong>, e per allenare un \u201cno\u201d pi\u00f9 consapevole, meno difensivo e pi\u00f9 sostenibile nel tempo.<\/p>\n\n\n\n<p class=\"wp-block-paragraph\" id=\"ember296\">Perch\u00e9, molto spesso, dire di no agli altri inizia dal <strong>chiarire a cosa stiamo dicendo s\u00ec dentro di noi<\/strong>.<\/p>\n\n\n\n<p class=\"wp-block-paragraph\"><\/p>","protected":false},"excerpt":{"rendered":"<p>Dire di no a lavoro non \u00e8 (solo) una questione di coraggio, spesso \u00e8 una questione di linguaggio interiore. Durante una sessione di coaching con un cliente che faticava a dire \u201cno\u201d, siamo arrivati a una riflessione apparentemente semplice, ma molto potente: il modo in cui utilizziamo tre verbi \u2013 dovere, potere, volere \u2013 orienta [&hellip;]<\/p>\n","protected":false},"author":1,"featured_media":10242,"comment_status":"closed","ping_status":"closed","sticky":false,"template":"","format":"standard","meta":{"_acf_changed":false,"footnotes":""},"categories":[46],"tags":[],"class_list":["post-10240","post","type-post","status-publish","format-standard","has-post-thumbnail","hentry","category-senza-categoria-it"],"acf":[],"_links":{"self":[{"href":"https:\/\/www.giovannagolia.it\/en\/wp-json\/wp\/v2\/posts\/10240","targetHints":{"allow":["GET"]}}],"collection":[{"href":"https:\/\/www.giovannagolia.it\/en\/wp-json\/wp\/v2\/posts"}],"about":[{"href":"https:\/\/www.giovannagolia.it\/en\/wp-json\/wp\/v2\/types\/post"}],"author":[{"embeddable":true,"href":"https:\/\/www.giovannagolia.it\/en\/wp-json\/wp\/v2\/users\/1"}],"replies":[{"embeddable":true,"href":"https:\/\/www.giovannagolia.it\/en\/wp-json\/wp\/v2\/comments?post=10240"}],"version-history":[{"count":1,"href":"https:\/\/www.giovannagolia.it\/en\/wp-json\/wp\/v2\/posts\/10240\/revisions"}],"predecessor-version":[{"id":10241,"href":"https:\/\/www.giovannagolia.it\/en\/wp-json\/wp\/v2\/posts\/10240\/revisions\/10241"}],"wp:featuredmedia":[{"embeddable":true,"href":"https:\/\/www.giovannagolia.it\/en\/wp-json\/wp\/v2\/media\/10242"}],"wp:attachment":[{"href":"https:\/\/www.giovannagolia.it\/en\/wp-json\/wp\/v2\/media?parent=10240"}],"wp:term":[{"taxonomy":"category","embeddable":true,"href":"https:\/\/www.giovannagolia.it\/en\/wp-json\/wp\/v2\/categories?post=10240"},{"taxonomy":"post_tag","embeddable":true,"href":"https:\/\/www.giovannagolia.it\/en\/wp-json\/wp\/v2\/tags?post=10240"}],"curies":[{"name":"wp","href":"https:\/\/api.w.org\/{rel}","templated":true}]}}